{"id":1239,"date":"2026-01-14T12:30:16","date_gmt":"2026-01-14T11:30:16","guid":{"rendered":"https:\/\/gzuk.urszulin.eu\/?p=1239"},"modified":"2026-01-14T12:30:16","modified_gmt":"2026-01-14T11:30:16","slug":"uwaga-wymiana-wodomierzy-w-miejscowosci-wytyczno","status":"publish","type":"post","link":"https:\/\/gzuk.urszulin.eu\/index.php\/uwaga-wymiana-wodomierzy-w-miejscowosci-wytyczno\/","title":{"rendered":"UWAGA wymiana wodomierzy w miejscowo\u015bci Wytyczno"},"content":{"rendered":"\r\n<p>Uprzejmie informujemy, \u017ce od dnia 15 stycznia 2026 r. pracownicy Gminnego Zak\u0142adu Us\u0142ug Komunalnych w Urszulinie przyst\u0105pi\u0105 do wymiany wodomierzy g\u0142\u00f3wnych w miejscowo\u015bci <strong>Wytyczno<\/strong>, Gmina Urszulin.<\/p>\r\n\r\n\r\n\r\n<p>W zwi\u0105zku z powy\u017cszym prosz\u0119 o przygotowanie dost\u0119pu w celu wymiany oraz wyrozumia\u0142o\u015b\u0107 w prowadzonych pracach.<\/p>\r\n\r\n\r\n\r\n<p>&nbsp;<\/p>\r\n","protected":false},"excerpt":{"rendered":"<p>Uprzejmie informujemy, \u017ce od dnia 15 stycznia 2026 r. pracownicy Gminnego Zak\u0142adu Us\u0142ug Komunalnych w Urszulinie przyst\u0105pi\u0105 do wymiany wodomierzy g\u0142\u00f3wnych w miejscowo\u015bci Wytyczno, Gmina Urszulin. W zwi\u0105zku z powy\u017cszym prosz\u0119 o przygotowanie dost\u0119pu w celu wymiany oraz wyrozumia\u0142o\u015b\u0107 w &hellip;<\/p>\n<p class=\"read-more\"> <a class=\"more-link\" href=\"https:\/\/gzuk.urszulin.eu\/index.php\/uwaga-wymiana-wodomierzy-w-miejscowosci-wytyczno\/\"> <span class=\"screen-reader-text\">UWAGA wymiana wodomierzy w miejscowo\u015bci Wytyczno<\/span> Czytaj wi\u0119cej  &raquo;<\/a><\/p>\n","protected":false},"author":1,"featured_media":1242,"comment_status":"open","ping_status":"open","sticky":false,"template":"","format":"standard","meta":{"footnotes":""},"categories":[7,5],"tags":[],"class_list":["post-1239","post","type-post","status-publish","format-standard","has-post-thumbnail","hentry","category-aktualnosci","category-ogloszenia-przetargi-zapytania-ofertowe"],"_links":{"self":[{"href":"https:\/\/gzuk.urszulin.eu\/index.php\/wp-json\/wp\/v2\/posts\/1239","targetHints":{"allow":["GET"]}}],"collection":[{"href":"https:\/\/gzuk.urszulin.eu\/index.php\/wp-json\/wp\/v2\/posts"}],"about":[{"href":"https:\/\/gzuk.urszulin.eu\/index.php\/wp-json\/wp\/v2\/types\/post"}],"author":[{"embeddable":true,"href":"https:\/\/gzuk.urszulin.eu\/index.php\/wp-json\/wp\/v2\/users\/1"}],"replies":[{"embeddable":true,"href":"https:\/\/gzuk.urszulin.eu\/index.php\/wp-json\/wp\/v2\/comments?post=1239"}],"version-history":[{"count":1,"href":"https:\/\/gzuk.urszulin.eu\/index.php\/wp-json\/wp\/v2\/posts\/1239\/revisions"}],"predecessor-version":[{"id":1243,"href":"https:\/\/gzuk.urszulin.eu\/index.php\/wp-json\/wp\/v2\/posts\/1239\/revisions\/1243"}],"wp:featuredmedia":[{"embeddable":true,"href":"https:\/\/gzuk.urszulin.eu\/index.php\/wp-json\/wp\/v2\/media\/1242"}],"wp:attachment":[{"href":"https:\/\/gzuk.urszulin.eu\/index.php\/wp-json\/wp\/v2\/media?parent=1239"}],"wp:term":[{"taxonomy":"category","embeddable":true,"href":"https:\/\/gzuk.urszulin.eu\/index.php\/wp-json\/wp\/v2\/categories?post=1239"},{"taxonomy":"post_tag","embeddable":true,"href":"https:\/\/gzuk.urszulin.eu\/index.php\/wp-json\/wp\/v2\/tags?post=1239"}],"curies":[{"name":"wp","href":"https:\/\/api.w.org\/{rel}","templated":true}]}}