{"id":1252,"date":"2026-02-24T12:22:32","date_gmt":"2026-02-24T11:22:32","guid":{"rendered":"https:\/\/gzuk.urszulin.eu\/?p=1252"},"modified":"2026-03-04T12:25:40","modified_gmt":"2026-03-04T11:25:40","slug":"ocena-jakosci-wody-z-wodociagow-zbiorowego-zaopatrzenia-w-wereszczynie-oraz-w-woli-wereszczynskiej","status":"publish","type":"post","link":"https:\/\/gzuk.urszulin.eu\/index.php\/ocena-jakosci-wody-z-wodociagow-zbiorowego-zaopatrzenia-w-wereszczynie-oraz-w-woli-wereszczynskiej\/","title":{"rendered":"Ocena jako\u015bci wody z Wodoci\u0105g\u00f3w Zbiorowego Zaopatrzenia w Wereszczynie oraz w Woli Wereszczy\u0144skiej"},"content":{"rendered":"<p><a href=\"https:\/\/gzuk.urszulin.eu\/wp-content\/uploads\/2026\/03\/PPIS_we_Wlodawie_Ocena_jakosci_wody_Wola_Wereszczynska_24.02.2026.pdf\" class=\"mtli_attachment mtli_pdf\"><img fetchpriority=\"high\" decoding=\"async\" class=\"size-full wp-image-1255 aligncenter\" src=\"https:\/\/gzuk.urszulin.eu\/wp-content\/uploads\/2026\/03\/PPIS_we_Wlodawie_Ocena_jakosci_wody_Wereszczyn_24.02.2026-0001.webp\" alt=\"\" width=\"724\" height=\"1024\" srcset=\"https:\/\/gzuk.urszulin.eu\/wp-content\/uploads\/2026\/03\/PPIS_we_Wlodawie_Ocena_jakosci_wody_Wereszczyn_24.02.2026-0001.webp 724w, https:\/\/gzuk.urszulin.eu\/wp-content\/uploads\/2026\/03\/PPIS_we_Wlodawie_Ocena_jakosci_wody_Wereszczyn_24.02.2026-0001-212x300.webp 212w, https:\/\/gzuk.urszulin.eu\/wp-content\/uploads\/2026\/03\/PPIS_we_Wlodawie_Ocena_jakosci_wody_Wereszczyn_24.02.2026-0001-100x141.webp 100w, https:\/\/gzuk.urszulin.eu\/wp-content\/uploads\/2026\/03\/PPIS_we_Wlodawie_Ocena_jakosci_wody_Wereszczyn_24.02.2026-0001-150x212.webp 150w, https:\/\/gzuk.urszulin.eu\/wp-content\/uploads\/2026\/03\/PPIS_we_Wlodawie_Ocena_jakosci_wody_Wereszczyn_24.02.2026-0001-200x283.webp 200w, https:\/\/gzuk.urszulin.eu\/wp-content\/uploads\/2026\/03\/PPIS_we_Wlodawie_Ocena_jakosci_wody_Wereszczyn_24.02.2026-0001-300x424.webp 300w, https:\/\/gzuk.urszulin.eu\/wp-content\/uploads\/2026\/03\/PPIS_we_Wlodawie_Ocena_jakosci_wody_Wereszczyn_24.02.2026-0001-450x636.webp 450w, https:\/\/gzuk.urszulin.eu\/wp-content\/uploads\/2026\/03\/PPIS_we_Wlodawie_Ocena_jakosci_wody_Wereszczyn_24.02.2026-0001-600x849.webp 600w\" sizes=\"(max-width: 724px) 100vw, 724px\" \/><\/a> <a href=\"https:\/\/gzuk.urszulin.eu\/wp-content\/uploads\/2026\/03\/PPIS_we_Wlodawie_Ocena_jakosci_wody_Wereszczyn_24.02.2026.pdf\" class=\"mtli_attachment mtli_pdf\"><img decoding=\"async\" class=\"size-full wp-image-1256 aligncenter lazyload\" data-src=\"https:\/\/gzuk.urszulin.eu\/wp-content\/uploads\/2026\/03\/PPIS_we_Wlodawie_Ocena_jakosci_wody_Wola_Wereszczynska_24.02.2026-0001.webp\" alt=\"\" width=\"724\" height=\"1024\" data-srcset=\"https:\/\/gzuk.urszulin.eu\/wp-content\/uploads\/2026\/03\/PPIS_we_Wlodawie_Ocena_jakosci_wody_Wola_Wereszczynska_24.02.2026-0001.webp 724w, https:\/\/gzuk.urszulin.eu\/wp-content\/uploads\/2026\/03\/PPIS_we_Wlodawie_Ocena_jakosci_wody_Wola_Wereszczynska_24.02.2026-0001-212x300.webp 212w, https:\/\/gzuk.urszulin.eu\/wp-content\/uploads\/2026\/03\/PPIS_we_Wlodawie_Ocena_jakosci_wody_Wola_Wereszczynska_24.02.2026-0001-100x141.webp 100w, https:\/\/gzuk.urszulin.eu\/wp-content\/uploads\/2026\/03\/PPIS_we_Wlodawie_Ocena_jakosci_wody_Wola_Wereszczynska_24.02.2026-0001-150x212.webp 150w, https:\/\/gzuk.urszulin.eu\/wp-content\/uploads\/2026\/03\/PPIS_we_Wlodawie_Ocena_jakosci_wody_Wola_Wereszczynska_24.02.2026-0001-200x283.webp 200w, https:\/\/gzuk.urszulin.eu\/wp-content\/uploads\/2026\/03\/PPIS_we_Wlodawie_Ocena_jakosci_wody_Wola_Wereszczynska_24.02.2026-0001-300x424.webp 300w, https:\/\/gzuk.urszulin.eu\/wp-content\/uploads\/2026\/03\/PPIS_we_Wlodawie_Ocena_jakosci_wody_Wola_Wereszczynska_24.02.2026-0001-450x636.webp 450w, https:\/\/gzuk.urszulin.eu\/wp-content\/uploads\/2026\/03\/PPIS_we_Wlodawie_Ocena_jakosci_wody_Wola_Wereszczynska_24.02.2026-0001-600x849.webp 600w\" data-sizes=\"(max-width: 724px) 100vw, 724px\" src=\"data:image\/svg+xml;base64,PHN2ZyB3aWR0aD0iMSIgaGVpZ2h0PSIxIiB4bWxucz0iaHR0cDovL3d3dy53My5vcmcvMjAwMC9zdmciPjwvc3ZnPg==\" style=\"--smush-placeholder-width: 724px; --smush-placeholder-aspect-ratio: 724\/1024;\" \/><\/a><\/p>\n","protected":false},"excerpt":{"rendered":"","protected":false},"author":1,"featured_media":1134,"comment_status":"open","ping_status":"open","sticky":false,"template":"","format":"standard","meta":{"footnotes":""},"categories":[5],"tags":[],"class_list":["post-1252","post","type-post","status-publish","format-standard","has-post-thumbnail","hentry","category-ogloszenia-przetargi-zapytania-ofertowe"],"_links":{"self":[{"href":"https:\/\/gzuk.urszulin.eu\/index.php\/wp-json\/wp\/v2\/posts\/1252","targetHints":{"allow":["GET"]}}],"collection":[{"href":"https:\/\/gzuk.urszulin.eu\/index.php\/wp-json\/wp\/v2\/posts"}],"about":[{"href":"https:\/\/gzuk.urszulin.eu\/index.php\/wp-json\/wp\/v2\/types\/post"}],"author":[{"embeddable":true,"href":"https:\/\/gzuk.urszulin.eu\/index.php\/wp-json\/wp\/v2\/users\/1"}],"replies":[{"embeddable":true,"href":"https:\/\/gzuk.urszulin.eu\/index.php\/wp-json\/wp\/v2\/comments?post=1252"}],"version-history":[{"count":1,"href":"https:\/\/gzuk.urszulin.eu\/index.php\/wp-json\/wp\/v2\/posts\/1252\/revisions"}],"predecessor-version":[{"id":1257,"href":"https:\/\/gzuk.urszulin.eu\/index.php\/wp-json\/wp\/v2\/posts\/1252\/revisions\/1257"}],"wp:featuredmedia":[{"embeddable":true,"href":"https:\/\/gzuk.urszulin.eu\/index.php\/wp-json\/wp\/v2\/media\/1134"}],"wp:attachment":[{"href":"https:\/\/gzuk.urszulin.eu\/index.php\/wp-json\/wp\/v2\/media?parent=1252"}],"wp:term":[{"taxonomy":"category","embeddable":true,"href":"https:\/\/gzuk.urszulin.eu\/index.php\/wp-json\/wp\/v2\/categories?post=1252"},{"taxonomy":"post_tag","embeddable":true,"href":"https:\/\/gzuk.urszulin.eu\/index.php\/wp-json\/wp\/v2\/tags?post=1252"}],"curies":[{"name":"wp","href":"https:\/\/api.w.org\/{rel}","templated":true}]}}