{"id":604,"date":"2017-05-05T13:44:43","date_gmt":"2017-05-05T11:44:43","guid":{"rendered":"https:\/\/gzuk.urszulin.eu\/?p=604"},"modified":"2019-02-03T13:51:38","modified_gmt":"2019-02-03T12:51:38","slug":"podpisanie-umowy-o-dofinansowanie-projektu-pn-budowa-sieci-wodno-kanalizacyjnej-na-terenie-aglomeracji-urszulin","status":"publish","type":"post","link":"https:\/\/gzuk.urszulin.eu\/index.php\/podpisanie-umowy-o-dofinansowanie-projektu-pn-budowa-sieci-wodno-kanalizacyjnej-na-terenie-aglomeracji-urszulin\/","title":{"rendered":"Podpisanie umowy o dofinansowanie projektu pn. \u201eBudowa sieci wodno-kanalizacyjnej na terenie aglomeracji Urszulin\u201d"},"content":{"rendered":"\n<p>Dnia 5 maja br. w Urz\u0119dzie Marsza\u0142kowskim w Lublinie zosta\u0142a podpisana umowa o dofinansowanie projektu pn. <strong><em>\u201eBudowa sieci wodno-kanalizacyjnej na terenie aglomeracji Urszulin\u201d.<\/em><\/strong> <\/p>\n\n\n\n<p>Gminny Zak\u0142ad Us\u0142ug Komunalnych w Urszulinie\nprzyst\u0119puje do rozpocz\u0119cia projektu w 2017 roku za\u015b zako\u0144czenie ca\u0142ej\ninwestycji zaplanowano do ko\u0144ca 2019 roku. Projekt wsp\u00f3\u0142finansowany jest w 85%\nze \u015brodk\u00f3w w ramach Regionalnego Programu Operacyjnego Wojew\u00f3dztwa Lubelskiego\nna lata 2014-2020 w ramach Osi Priorytetowej 6 Ochrona \u015brodowiska i efektywne\nwykorzystanie zasob\u00f3w, Dzia\u0142ania 6.4 Gospodarka wodno-\u015bciekowa.<\/p>\n\n\n\n<p>Projekt obejmuje budow\u0119 sieci kanalizacji sanitarnej\nwraz z przy\u0142\u0105czami kanalizacyjnymi w miejscowo\u015bciach Zabrodzie-Urszulin oraz w\nAndrzejowie. W ramach inwestycji zostanie wybudowana nowa sie\u0107 \u2013 \u0142\u0105cznie ok.\n10,38 km. Budowa sieci wodoci\u0105gowej dotyczy odcinka Andrzej\u00f3w-Urszulin oraz cz\u0119\u015bci\nmiejscowo\u015bci Grabniak \u2013 ok. 4 km. <\/p>\n\n\n\n<p>Warto\u015b\u0107 ca\u0142kowita inwestycji to 4&nbsp;809&nbsp;300,28\nz\u0142.<\/p>\n\n\n\n<p>Warto\u015b\u0107 przyznanego dofinansowania to 3&nbsp;301&nbsp;989,71\nz\u0142, co stanowi 85% koszt\u00f3w kwalifikowalnych.\n\n\n\nCelem projektu jest uporz\u0105dkowanie gospodarki\nwodno-\u015bciekowej poprzez zwi\u0119kszenie udzia\u0142u os\u00f3b obj\u0119tych zbiorczym systemem\nzaopatrzenia w wod\u0119 i zbiorczym systemem gospodarowania \u015bciekami. Cel ten\nnast\u0105pi poprzez realizacj\u0119 inwestycji prowadz\u0105cej do rozwoju infrastruktury\nwodoci\u0105gowej oraz infrastruktury zwi\u0105zanej z gospodarowaniem \u015bciekami bytowymi.\n\n\n\n<\/p>\n","protected":false},"excerpt":{"rendered":"<p>Dnia 5 maja br. w Urz\u0119dzie Marsza\u0142kowskim w Lublinie zosta\u0142a podpisana umowa o dofinansowanie projektu pn. \u201eBudowa sieci wodno-kanalizacyjnej na terenie aglomeracji Urszulin\u201d. Gminny Zak\u0142ad Us\u0142ug Komunalnych w Urszulinie przyst\u0119puje do rozpocz\u0119cia projektu w 2017 roku za\u015b zako\u0144czenie ca\u0142ej inwestycji &hellip;<\/p>\n<p class=\"read-more\"> <a class=\"more-link\" href=\"https:\/\/gzuk.urszulin.eu\/index.php\/podpisanie-umowy-o-dofinansowanie-projektu-pn-budowa-sieci-wodno-kanalizacyjnej-na-terenie-aglomeracji-urszulin\/\"> <span class=\"screen-reader-text\">Podpisanie umowy o dofinansowanie projektu pn. \u201eBudowa sieci wodno-kanalizacyjnej na terenie aglomeracji Urszulin\u201d<\/span> Czytaj wi\u0119cej  &raquo;<\/a><\/p>\n","protected":false},"author":1,"featured_media":605,"comment_status":"open","ping_status":"open","sticky":false,"template":"","format":"standard","meta":{"footnotes":""},"categories":[7,4],"tags":[],"class_list":["post-604","post","type-post","status-publish","format-standard","has-post-thumbnail","hentry","category-aktualnosci","category-inwestycje"],"_links":{"self":[{"href":"https:\/\/gzuk.urszulin.eu\/index.php\/wp-json\/wp\/v2\/posts\/604","targetHints":{"allow":["GET"]}}],"collection":[{"href":"https:\/\/gzuk.urszulin.eu\/index.php\/wp-json\/wp\/v2\/posts"}],"about":[{"href":"https:\/\/gzuk.urszulin.eu\/index.php\/wp-json\/wp\/v2\/types\/post"}],"author":[{"embeddable":true,"href":"https:\/\/gzuk.urszulin.eu\/index.php\/wp-json\/wp\/v2\/users\/1"}],"replies":[{"embeddable":true,"href":"https:\/\/gzuk.urszulin.eu\/index.php\/wp-json\/wp\/v2\/comments?post=604"}],"version-history":[{"count":1,"href":"https:\/\/gzuk.urszulin.eu\/index.php\/wp-json\/wp\/v2\/posts\/604\/revisions"}],"predecessor-version":[{"id":606,"href":"https:\/\/gzuk.urszulin.eu\/index.php\/wp-json\/wp\/v2\/posts\/604\/revisions\/606"}],"wp:featuredmedia":[{"embeddable":true,"href":"https:\/\/gzuk.urszulin.eu\/index.php\/wp-json\/wp\/v2\/media\/605"}],"wp:attachment":[{"href":"https:\/\/gzuk.urszulin.eu\/index.php\/wp-json\/wp\/v2\/media?parent=604"}],"wp:term":[{"taxonomy":"category","embeddable":true,"href":"https:\/\/gzuk.urszulin.eu\/index.php\/wp-json\/wp\/v2\/categories?post=604"},{"taxonomy":"post_tag","embeddable":true,"href":"https:\/\/gzuk.urszulin.eu\/index.php\/wp-json\/wp\/v2\/tags?post=604"}],"curies":[{"name":"wp","href":"https:\/\/api.w.org\/{rel}","templated":true}]}}